{"provider_url": "https://www.delfinopolis.mg.leg.br", "title": "Organograma e Rela\u00e7\u00e3o de Funcion\u00e1rios", "html": "<h2 style=\"text-align: center; \"><strong>ORGANOGRAMA</strong></h2>\r\n<p><strong><br /></strong></p>\r\n<h2 style=\"text-align: center; \"><strong><img src=\"https://www.delfinopolis.mg.leg.br/imagens/ORGANOGRAMA.png/@@images/a0936c8c-171f-42d0-bd11-04655b00b8cf.png\" alt=\"\" class=\"image-inline\" title=\"\" /></strong></h2>\r\n<h2 style=\"text-align: center; \"><strong><br /></strong></h2>\r\n<h2 style=\"text-align: center; \"><strong>COLABORADORES DA C\u00c2MARA MUNICIPAL</strong></h2>\r\n<h2></h2>\r\n<p><strong><br /></strong></p>\r\n<h3><strong>DIRETOR GERAL</strong></h3>\r\n<p style=\"text-align: justify; \"><strong>Nome:</strong>\u00a0Rubens Luiz Marques</p>\r\n<p style=\"text-align: justify; \"><strong>Contrato:</strong>\u00a0Comissionado.</p>\r\n<p style=\"text-align: justify; \"><strong>Forma\u00e7\u00e3o:</strong>\u00a0Bacharel em Direito e T\u00e9cnico em Contabilidade.</p>\r\n<p style=\"text-align: justify; \"><strong>E-mail:</strong> diretoriacamaradelfinopolis@gmail.com</p>\r\n<div class=\"visualClear\">\u00a0</div>\r\n<div class=\"visualClear\"></div>\r\n<h3><strong>ASSESSOR DE COMUNICA\u00c7\u00c3O E INFORM\u00c1TICA</strong></h3>\r\n<p><strong>Nome:</strong> Leonardo do Carmo Surmano.</p>\r\n<p><strong>Contrato:</strong>\u00a0Comissionado.</p>\r\n<p><strong>Forma\u00e7\u00e3o:</strong>\u00a0Ensino M\u00e9dio completo.</p>\r\n<p><strong>E-mail:</strong> camaradelfinopolis@gmail.com</p>\r\n<div class=\"visualClear\">\u00a0</div>\r\n<div class=\"visualClear\"></div>\r\n<h3><strong>OFICIAL LEGISLATIVA</strong></h3>\r\n<p><strong>Nome:</strong> Adelita Maria dos Santos Al\u00e3o.</p>\r\n<p><strong>Contrato:</strong>\u00a0Efetivo.</p>\r\n<p><strong>Forma\u00e7\u00e3o:</strong> T\u00e9cnica em Enfermagem.</p>\r\n<div class=\"visualClear\">\u00a0</div>\r\n<div class=\"visualClear\"></div>\r\n<h3><strong>CONTABILIDADE E COMPRAS</strong></h3>\r\n<p><strong>Nome:</strong> Roger Lucas Mendes Chaves\u00a0<span>-\u00a0<strong>CRC/MG 124.245/0-2.</strong></span></p>\r\n<p><span><strong><strong>Contrato:</strong>\u00a0</strong>Comissionado.</span></p>\r\n<p><span><strong>Forma\u00e7\u00e3o: </strong>Graduado em Ci\u00eancias Cont\u00e1beis e P\u00f3s Graduado em Gest\u00e3o P\u00fablica Municipal.</span></p>\r\n<p><strong>E-mail:</strong> contabilcamaradelfinopolis@gmail.com</p>\r\n<div class=\"visualClear\">\u00a0</div>\r\n<div class=\"visualClear\"></div>\r\n<h3><strong>PROCURADOR GERAL</strong></h3>\r\n<p><strong>Nome:\u00a0</strong>Jeziel Francisco Ferreira -\u00a0<strong>OAB/MG 210.143</strong></p>\r\n<p><strong><strong>Contrato:</strong>\u00a0</strong>Comissionado.</p>\r\n<p><strong>Forma\u00e7\u00e3o: </strong>Graduado em Direito, com P\u00f3s Gradua\u00e7\u00e3o em Direito P\u00fablico, Direito do Trabalho e Processual do Trabalho e Direito do Agroneg\u00f3cio.</p>\r\n<p><strong>E-mail: </strong>juridicocamaradelfinopolis@gmail.com</p>", "author_name": "Interlegis", "version": "1.0", "author_url": "https://www.delfinopolis.mg.leg.br/author/Interlegis", "provider_name": "C\u00e2mara Municipal de Delfin\u00f3polis", "type": "rich"}